[{"@context":"https:\/\/schema.org\/","@type":"Article","@id":"https:\/\/www.granitec.cz\/velka-rodina\/#Article","mainEntityOfPage":"https:\/\/www.granitec.cz\/velka-rodina\/","headline":"Velk\u00e1 rodina","name":"Velk\u00e1 rodina","description":"No, kdo by nem\u011bl r\u00e1d d\u011bti. D\u011bti jsou na\u0161e budoucnost. A j\u00e1 v\u00e1m chci \u0159\u00edct, \u017ee jsem v\u017edycky tou\u017eila po...","datePublished":"2022-04-23","dateModified":"2023-05-05","author":{"@type":"Person","@id":"https:\/\/www.granitec.cz\/author\/#Person","name":"","url":"https:\/\/www.granitec.cz\/author\/","identifier":1,"image":{"@type":"ImageObject","@id":"https:\/\/secure.gravatar.com\/avatar\/1fa5b1cbc0125795815d9e30ef12b8bb9be5d358eed11aa2085a8d203d3da2ed?s=96&d=mm&r=g","url":"https:\/\/secure.gravatar.com\/avatar\/1fa5b1cbc0125795815d9e30ef12b8bb9be5d358eed11aa2085a8d203d3da2ed?s=96&d=mm&r=g","height":96,"width":96}},"publisher":{"@type":"Organization","name":"granitec.cz","logo":{"@type":"ImageObject","@id":"\/logo.png","url":"\/logo.png","width":600,"height":60}},"image":{"@type":"ImageObject","@id":"https:\/\/www.granitec.cz\/wp-content\/uploads\/twins-1628843_960_720.jpg","url":"https:\/\/www.granitec.cz\/wp-content\/uploads\/twins-1628843_960_720.jpg","height":0,"width":0},"url":"https:\/\/www.granitec.cz\/velka-rodina\/","about":["D\u011bti"],"wordCount":445,"articleBody":"No, kdo by nem\u011bl r\u00e1d d\u011bti. D\u011bti jsou na\u0161e budoucnost. A j\u00e1 v\u00e1m chci \u0159\u00edct, \u017ee jsem v\u017edycky tou\u017eila po opravdu velk\u00e9 rodin\u011b. Nikdy jsem nebyla takov\u00e1, \u017ee bych cht\u011bla pouze jedno d\u00edt\u011b. Ne\u0159\u00edk\u00e1m v\u00e1m, \u017ee jedin\u00e1\u010dek je na tom \u0161patn\u011b, \u017ee by byl t\u0159eba nap\u0159\u00edklad rozmazlen\u00fd. Tohle j\u00e1 si v\u016fbec nemysl\u00edm a podle m\u00e9ho n\u00e1zoru za to mohu v\u017edycky rodi\u010de, pokud je d\u00edt\u011b rozmazlen\u00e9. Tak v\u017edycky jsou na vin\u011b rodi\u010de. A nez\u00e1le\u017e\u00ed na tom, jestli d\u00edt\u011b je jedin\u00e1\u010dek nebo m\u00e1 n\u011bjak\u00e9 sourozence. Jenom\u017ee j\u00e1 jsem cht\u011bla v\u00edce d\u011bti z toho d\u016fvodu, \u017ee chci velkou rodinu a d\u011bti m\u00e1m r\u00e1da. Proto jsem taky u\u010ditelka v mate\u0159sk\u00e9 \u0161kolce. M\u00e1m tam opravdu mnoho d\u011bt\u00ed, kter\u00e9 m\u00e1m r\u00e1da. A to v\u0161echny, a to bez rozd\u00edlu. A jsem takov\u00e1, \u017ee db\u00e1m na spravedlnost a taky dobrou v\u00fdchovu. Nejsem ani moc p\u0159\u00edsn\u00e1, ale jsem takov\u00e1 r\u00e1zn\u00e1, tak\u017ee d\u011bti m\u011b respektuj\u00ed.Ale v\u0161echny d\u011bti v\u00ed, \u017ee jsem jinak hodn\u00e1 a miluj\u00edc\u00ed bytost. Moment\u00e1ln\u011b m\u00e1m zat\u00edm dv\u011b d\u011bti a t\u0159et\u00ed d\u00edt\u011b na cest\u011b. Ani si nedok\u00e1\u017eete p\u0159edstavit, jak moc jsem \u0161\u0165astn\u00e1, \u017ee se mi tohle poda\u0159ilo. M\u016fj man\u017eel ze za\u010d\u00e1tku cht\u011bl d\u011bti pouze dv\u011b. Ale kdy\u017e vid\u011bl, jak se s l\u00e1skou a ob\u011btavost\u00ed o v\u0161echny na\u0161e d\u011bti star\u00e1m, tak \u0159ekl, \u017ee tu radost mi dop\u0159eje. J\u00e1 opravdu \u017eiji t\u00edm, \u017ee se star\u00e1m o d\u011bti, hodn\u011b m\u011b to bav\u00ed a taky napl\u0148uje. Nedok\u00e1\u017eu pochopit, jak n\u011bjak\u00e1 \u017eena m\u016f\u017ee d\u00e1t d\u00edt\u011b do d\u011btsk\u00e9ho domova.Jenom aby si u\u017e\u00edvala. Sice jsou p\u0159\u00edpady, kdy \u017eena opravdu nem\u00e1 pen\u00edze a prost\u0159ed\u00ed, kdy a jak d\u00edt\u011b vychovat. To je n\u011bco jin\u00e9ho. Ale vzd\u00e1t se d\u00edt\u011bte pro vlastn\u00ed pohodlnosti? Tohle opravdu nech\u00e1pu a nikdy nepochop\u00edm. Takov\u00e9to p\u0159\u00edpady bych opravdu tvrd\u011b trestala, proto\u017ee pokud by se to tak nechalo, tak by se tyto p\u0159\u00edpady mohly bohu\u017eel taky rozv\u00edjet. A to samoz\u0159ejm\u011b nikdo\u00a0nikdy\u00a0nechceme. Proto\u017ee v\u0161ichni d\u011bti milujeme. Bez d\u011bt\u00ed by byl sv\u011bt o n\u011bco chud\u0161\u00ed. D\u011bti tu\u00a0b\u00fdt mus\u00ed. A\u00a0mus\u00ed b\u00fdt milov\u00e1ny, proto\u017ee od toho tady d\u011bti jsou.                                                                                                                                                                                                                                                                                                                                                                                        3.9\/5 - (14 votes)        "},{"@context":"https:\/\/schema.org\/","@type":"BreadcrumbList","itemListElement":[{"@type":"ListItem","position":1,"name":"Velk\u00e1 rodina","item":"https:\/\/www.granitec.cz\/velka-rodina\/#breadcrumbitem"}]}]