[{"@context":"https:\/\/schema.org\/","@type":"Article","@id":"https:\/\/www.granitec.cz\/uz-se-dale-nerozmyslejte\/#Article","mainEntityOfPage":"https:\/\/www.granitec.cz\/uz-se-dale-nerozmyslejte\/","headline":"U\u017e se d\u00e1le nerozm\u00fd\u0161lejte","name":"U\u017e se d\u00e1le nerozm\u00fd\u0161lejte","description":"Ka\u017ed\u00fd chce co nejlep\u0161\u00ed a nejvkusn\u011bj\u0161\u00ed interi\u00e9r pro sv\u00e9 bydlen\u00ed. My m\u00e1me jist\u00e9 zku\u0161enosti p\u0159edev\u0161\u00edm co se t\u00fd\u010de podlahov\u00fdch projekt\u016f....","datePublished":"2025-01-11","dateModified":"2025-01-11","author":{"@type":"Person","@id":"https:\/\/www.granitec.cz\/author\/#Person","name":"","url":"https:\/\/www.granitec.cz\/author\/","identifier":1,"image":{"@type":"ImageObject","@id":"https:\/\/secure.gravatar.com\/avatar\/1fa5b1cbc0125795815d9e30ef12b8bb9be5d358eed11aa2085a8d203d3da2ed?s=96&d=mm&r=g","url":"https:\/\/secure.gravatar.com\/avatar\/1fa5b1cbc0125795815d9e30ef12b8bb9be5d358eed11aa2085a8d203d3da2ed?s=96&d=mm&r=g","height":96,"width":96}},"publisher":{"@type":"Organization","name":"granitec.cz","logo":{"@type":"ImageObject","@id":"\/logo.png","url":"\/logo.png","width":600,"height":60}},"url":"https:\/\/www.granitec.cz\/uz-se-dale-nerozmyslejte\/","wordCount":210,"articleBody":" Ka\u017ed\u00fd chce co nejlep\u0161\u00ed a nejvkusn\u011bj\u0161\u00ed interi\u00e9r pro sv\u00e9 bydlen\u00ed. My m\u00e1me jist\u00e9 zku\u0161enosti p\u0159edev\u0161\u00edm co se t\u00fd\u010de podlahov\u00fdch projekt\u016f. Velkou oblibu si z\u00edskaly p\u0159edev\u0161\u00edm d\u0159ev\u011bn\u00e9 podlahy, parkety a plovouc\u00ed podlahy, kter\u00e9 jsou sou\u010d\u00e1st\u00ed t\u00e9m\u011b\u0159 ka\u017ed\u00e9 dom\u00e1cnosti. My tyto podlahy dod\u00e1v\u00e1me na m\u00edru z\u00e1kazn\u00edka a nab\u00edzen\u00fd materi\u00e1l je v t\u00e9 nejlep\u0161\u00ed kvalit\u011b. D\u0159even\u00e9 podlahy U\u017e se d\u00e1le nerozm\u00fd\u0161leje a objednejte si d\u0159ev\u011bn\u00e9 podlahy u na\u0161\u00ed firmy. Pokud v\u0161ak up\u0159ednost\u0148ujete jin\u00fd materi\u00e1l, prohl\u00e9dn\u011bte si na\u0161i nab\u00eddku a my se va\u0161im pot\u0159eb\u00e1m pln\u011b p\u0159izp\u016fsob\u00edme. Materi\u00e1l, barva, rozm\u011bry, to jsou parametry, kter\u00e9 sta\u010d\u00ed zadat na\u0161im pracovn\u00edk\u016fm a oni kvalitn\u011b odvedou svou pr\u00e1ci. M\u011bjte stylD\u0159ev\u011bn\u00e9 podlahy jsou opravdu stylov\u00e9 a my v\u00e1m zaru\u010dujeme, \u017ee budete spokojeni stejn\u011b jako mno\u017estv\u00ed z\u00e1kazn\u00edk\u016f p\u0159ed v\u00e1mi. Objednejte si na\u0161e slu\u017eby a my v\u00e1s tak\u00e9 pot\u011b\u0161\u00edme ak\u010dn\u00edmi nab\u00eddkami, kter\u00e9 jsou pro na\u0161e klienty pe\u010dliv\u011b p\u0159ichyst\u00e1ny.                                                                                                                                                                                                                                                                                                                                                                                        5\/5 - (2 votes)        "},{"@context":"https:\/\/schema.org\/","@type":"BreadcrumbList","itemListElement":[{"@type":"ListItem","position":1,"name":"U\u017e se d\u00e1le nerozm\u00fd\u0161lejte","item":"https:\/\/www.granitec.cz\/uz-se-dale-nerozmyslejte\/#breadcrumbitem"}]}]