[{"@context":"https:\/\/schema.org\/","@type":"Article","@id":"https:\/\/www.granitec.cz\/nejlepsi-vlasova-pece-i-bez-odborniku\/#Article","mainEntityOfPage":"https:\/\/www.granitec.cz\/nejlepsi-vlasova-pece-i-bez-odborniku\/","headline":"Nejlep\u0161\u00ed vlasov\u00e1 p\u00e9\u010de i bez odborn\u00edk\u016f","name":"Nejlep\u0161\u00ed vlasov\u00e1 p\u00e9\u010de i bez odborn\u00edk\u016f","description":"Jen co se r\u00e1no vzbud\u00edme, u\u017e se v\u00a0zrcadle pozorujeme. A prvn\u00ed co n\u00e1s \u017eeny zaujme je \u00fa\u010des. V\u017edy jde hlavn\u011b...","datePublished":"2018-02-22","dateModified":"2023-05-05","author":{"@type":"Person","@id":"https:\/\/www.granitec.cz\/author\/#Person","name":"","url":"https:\/\/www.granitec.cz\/author\/","identifier":1,"image":{"@type":"ImageObject","@id":"https:\/\/secure.gravatar.com\/avatar\/1fa5b1cbc0125795815d9e30ef12b8bb9be5d358eed11aa2085a8d203d3da2ed?s=96&d=mm&r=g","url":"https:\/\/secure.gravatar.com\/avatar\/1fa5b1cbc0125795815d9e30ef12b8bb9be5d358eed11aa2085a8d203d3da2ed?s=96&d=mm&r=g","height":96,"width":96}},"publisher":{"@type":"Organization","name":"granitec.cz","logo":{"@type":"ImageObject","@id":"\/logo.png","url":"\/logo.png","width":600,"height":60}},"image":{"@type":"ImageObject","@id":"https:\/\/www.granitec.cz\/wp-content\/uploads\/img_a313561_w2522_t1524383351.jpg","url":"https:\/\/www.granitec.cz\/wp-content\/uploads\/img_a313561_w2522_t1524383351.jpg","height":0,"width":0},"url":"https:\/\/www.granitec.cz\/nejlepsi-vlasova-pece-i-bez-odborniku\/","about":["Vzd\u011bl\u00e1n\u00ed"],"wordCount":423,"articleBody":"Jen co se r\u00e1no vzbud\u00edme, u\u017e se v\u00a0zrcadle pozorujeme. A prvn\u00ed co n\u00e1s \u017eeny zaujme je \u00fa\u010des. V\u017edy jde hlavn\u011b o to vlasy upravit tak, jak to jenom nejl\u00e9pe jde. N\u011bkdy je to opravdu obt\u00ed\u017en\u00e9, proto\u017ee n\u00e1m v\u00a0cest\u011b m\u016f\u017eou st\u00e1t r\u016fzn\u00e9 p\u0159\u00ed\u010diny nedokonalost\u00ed. A i kdy\u017e t\u0159eba sp\u011bch\u00e1me nebo se p\u0159ipravujeme na odpoledn\u00ed posezen\u00ed s\u00a0kamar\u00e1dkou p\u0159\u00edpadn\u011b na velk\u00fd ve\u010d\u00edrek, tak nemus\u00ed b\u00fdt v\u0161e jednoduch\u00e9, jak se zd\u00e1. Poj\u010fme se spole\u010dn\u011b pod\u00edvat na ty nej\u010dast\u011bj\u0161\u00ed probl\u00e9my.\u00a0Vlasy, kter\u00e9 se mast\u00edPr\u00e1v\u011b tohle je nej\u010dast\u011bj\u0161\u00ed p\u0159\u00ed\u010dina vzhledu. \u00da\u010des je neupraven\u00fd, a\u0165 se sna\u017e\u00edme sebev\u00edc. K dokonalosti nikdy nedojdeme. Ko\u017en\u00ed maz je v\u00a0tomto p\u0159\u00edpad\u011b nejen na poko\u017ece, ale tak\u00e9 na samotn\u00fdch struktur\u00e1ch vlas\u016f. Odstran\u011bn\u00ed t\u00e9to p\u0159\u00ed\u010diny lze pouze pravideln\u00fdm myt\u00edm. V\u00a0p\u0159\u00edpad\u011b \u017ee nem\u00e1me dostatek \u010dasu pro \u00fapravu, potom se nab\u00edz\u00ed vyu\u017eit\u00ed such\u00e9ho \u0161amponu. Po\u0159\u00e1d to ale nebude to prav\u00e9 o\u0159echov\u00e9. Kvalitn\u00ed um\u00fdv\u00e1n\u00ed je jist\u011bj\u0161\u00edm \u0159e\u0161en\u00edm.Kdy\u017e pomalu rostouI tohle pouh\u00e9 zd\u00e1n\u00ed m\u016f\u017ee b\u00fdt realitou. R\u016fst vlas\u016f m\u00e1 vliv na v\u00edce oblast\u00ed. Od zdravotn\u00ed str\u00e1nky, po barvu vlas\u016f. Kdy\u017e tedy vlasy za m\u011bs\u00edc vyrostou zhruba o 1,5 cm tak m\u016f\u017eeme \u0159\u00edct, \u017ee je v\u0161e v\u00a0po\u0159\u00e1dku. Pokud dojdeme k\u00a0tomu, \u017ee se jedn\u00e1 o zpomalen\u00fd r\u016fst, jsou na trhu k\u00a0dost\u00e1n\u00ed r\u016fzn\u00e9 p\u0159\u00edpravky nebo speci\u00e1ln\u00ed \u0161ampony. Ty, kter\u00e9 jsou vyvinuty pr\u00e1v\u011b pro rychl\u00fd r\u016fst vlas\u016f. Doporu\u010dit m\u016f\u017eeme nej\u017e\u00e1dan\u011bj\u0161\u00ed prepar\u00e1t Donna Hair, p\u0159\u00edpadn\u011b \u0161ampon Alpecin.St\u00e1l\u00e9 lupyTento probl\u00e9m vlas\u016f se t\u00fdk\u00e1 nejen \u017een, ale i mu\u017e\u016f. Ty mali\u010dk\u00e9 drobn\u00e9 b\u00edl\u00e9 \u0161upinky, kter\u00e9 se dr\u017e\u00ed ve vlasech nebo na od\u011bvu p\u016fsob\u00ed nep\u0159\u00edjemn\u011b, nejen samotn\u00fd pohled. Jakoukoliv \u00fapravu nem\u00e1me v\u00a0tomto p\u0159\u00edpad\u011b jednodu\u0161\u0161\u00ed. V\u017edy\u0165 samotn\u00e9 sv\u011bd\u011bn\u00ed k\u016f\u017ee je obt\u00ed\u017en\u00e9 ust\u00e1t. V\u00a0obchodech nebo v\u00a0l\u00e9k\u00e1rn\u00e1ch jsou r\u016fzn\u00e9 druhy \u0161ampon\u016f na odstran\u011bn\u00ed lup\u016f.\u00a0Pokud \u0159e\u0161\u00edte jak\u00fdkoliv probl\u00e9m, potom se m\u016f\u017ee st\u00e1t n\u00e1pomocn\u00fdm oby\u010dejn\u00fd kop\u0159ivov\u00fd odvar. Ten, kter\u00fd je pova\u017eov\u00e1n za to nejlep\u0161\u00ed \u0159e\u0161en\u00ed na ka\u017ed\u00e9 vlasov\u00e9 tr\u00e1pen\u00ed.                                                                                                                                                                                                                                                                                                                                                                                        4.4\/5 - (10 votes)        "},{"@context":"https:\/\/schema.org\/","@type":"BreadcrumbList","itemListElement":[{"@type":"ListItem","position":1,"name":"Nejlep\u0161\u00ed vlasov\u00e1 p\u00e9\u010de i bez odborn\u00edk\u016f","item":"https:\/\/www.granitec.cz\/nejlepsi-vlasova-pece-i-bez-odborniku\/#breadcrumbitem"}]}]