[{"@context":"https:\/\/schema.org\/","@type":"Article","@id":"https:\/\/www.granitec.cz\/mobilni-dum\/#Article","mainEntityOfPage":"https:\/\/www.granitec.cz\/mobilni-dum\/","headline":"Mobiln\u00ed d\u016fm","name":"Mobiln\u00ed d\u016fm","description":"Mlad\u00ed lid\u00e9 se oproti p\u0159ede\u0161l\u00e9 generaci nejsp\u00ed\u0161e nikam neposunou a to d\u00edky tomu, \u017ee jsou nemovitosti neuv\u011b\u0159iteln\u011b p\u0159edra\u017een\u00e9. Mnoho mlad\u00fdch...","datePublished":"2021-12-14","dateModified":"2023-05-05","author":{"@type":"Person","@id":"https:\/\/www.granitec.cz\/author\/#Person","name":"","url":"https:\/\/www.granitec.cz\/author\/","identifier":1,"image":{"@type":"ImageObject","@id":"https:\/\/secure.gravatar.com\/avatar\/1fa5b1cbc0125795815d9e30ef12b8bb9be5d358eed11aa2085a8d203d3da2ed?s=96&d=mm&r=g","url":"https:\/\/secure.gravatar.com\/avatar\/1fa5b1cbc0125795815d9e30ef12b8bb9be5d358eed11aa2085a8d203d3da2ed?s=96&d=mm&r=g","height":96,"width":96}},"publisher":{"@type":"Organization","name":"granitec.cz","logo":{"@type":"ImageObject","@id":"\/logo.png","url":"\/logo.png","width":600,"height":60}},"image":{"@type":"ImageObject","@id":"https:\/\/www.granitec.cz\/wp-content\/uploads\/real-estate-g7114445be_1920.jpg","url":"https:\/\/www.granitec.cz\/wp-content\/uploads\/real-estate-g7114445be_1920.jpg","height":0,"width":0},"url":"https:\/\/www.granitec.cz\/mobilni-dum\/","about":["D\u016fm a zahrada"],"wordCount":407,"articleBody":"      Mlad\u00ed lid\u00e9 se oproti p\u0159ede\u0161l\u00e9 generaci nejsp\u00ed\u0161e nikam neposunou a to d\u00edky tomu, \u017ee jsou nemovitosti neuv\u011b\u0159iteln\u011b p\u0159edra\u017een\u00e9. Mnoho mlad\u00fdch tak z\u016fstane u sv\u00fdch rodi\u010d\u016f a nikdy se neodst\u011bhuje. Bohu\u017eel tato situace se nem\u00e1 zlep\u0161it ani do budoucna a na\u0161e vl\u00e1da cel\u00e9 situaci jenom p\u0159ihl\u00ed\u017e\u00ed a nic ned\u011bl\u00e1. Nehled\u011b na to, \u017ee se jich to net\u00fdk\u00e1, proto\u017ee ano maj\u00ed s ob\u010dan\u016f pen\u011bz dost, ba naopak jim to vyhovuje. Pokud tedy nechcete u\u017e bydlet u sv\u00fdch rodi\u010d\u016f, tak nev\u00e1hejte a po\u0159i\u010fte si mobiln\u00ed d\u016fm, kter\u00fd V\u00e1m vyjde na zlomek ceny.Mobiln\u00ed domy https:\/\/www.top-mobilnidomy.cz\/, je osv\u011bd\u010den\u00e1 prodejna, kter\u00e1 V\u00e1m nab\u00eddne nejr\u016fzn\u011bj\u0161\u00ed druhy mobiln\u00edch dom\u016f. V jejich sortimentu najdete jak pou\u017eit\u00e9 domy, tak nov\u00e9. Neust\u00e1le tak\u00e9 dov\u00e1\u017eej\u00ed novinky na trhu a tak nen\u00ed probl\u00e9m si rovnou tento nov\u00fd d\u016fm zarezervovat. Domy se d\u00e1le d\u011bl\u00ed na celoro\u010dn\u00ed a sez\u00f3nn\u00ed a bude jen na V\u00e1s, jak\u00fd zvolit a jak ho budete vyu\u017e\u00edvat. U ka\u017ed\u00e9ho domu jsou samoz\u0159ejm\u011b rozm\u011bry a tak\u00e9 u\u017eitkov\u00e1 plocha. Napsan\u00e9 jsou zde i pokoje a tak\u00e9 kompletn\u00ed vybaven\u00ed mobiln\u00edho domu. V\u011bt\u0161ina z nich je v\u010detn\u011b spot\u0159ebi\u010d\u016f a ve\u0161ker\u00e9ho vybaven\u00ed, tak\u017ee nemus\u00edte v\u016fbec nic dokupovat. Tak\u00e9 jde zde samoz\u0159ejm\u011b uveden\u00e1 cena a tak\u00e9 pobo\u010dka, kde se mobiln\u00ed d\u016fm nach\u00e1z\u00ed. Mobiln\u00ed d\u016fm si m\u016f\u017eete prohl\u00e9dnout d\u00edky fotk\u00e1m na internetu, ale taky na pobo\u010dce osobn\u011b. Ty se nach\u00e1zej\u00ed v Brn\u011b, v Hradci Kr\u00e1lov\u00e9, \u010di v Praze. V\u017edy je dobr\u00e9 se pod\u00edvat, nebo si na prodejnu zavolat, zda se dan\u00fd mobiln\u00ed d\u016fm na m\u00edst\u011b nach\u00e1z\u00ed.Tato spole\u010dnost V\u00e1m d\u016fm nejen prod\u00e1, ale tak\u00e9 V\u00e1m uprav\u00ed ter\u00e9n pro usazen\u00ed. Samoz\u0159ejmost\u00ed je doprava domu a\u017e na m\u00edsto a tak\u00e9 jeho usazen\u00ed. Jen t\u011b\u017eko byste toti\u017e sehnali nadrozm\u011brnou dopravu, a pokud ano, st\u00e1la by velk\u00e9 pen\u00edze.Jestli\u017ee tedy u\u017e nem\u016f\u017eete vydr\u017eet bydlen\u00ed u rodi\u010d\u016f a chcete se p\u0159est\u011bhovat, tak zvolte tuto mo\u017enost. Zaru\u010den\u011b u\u0161et\u0159\u00edte pen\u00edze a bude se V\u00e1m n\u00e1dhern\u011b bydlet.                                                                                                                                                                                                                                                                                                                                                                                          4.2\/5 - (11 votes)        "},{"@context":"https:\/\/schema.org\/","@type":"BreadcrumbList","itemListElement":[{"@type":"ListItem","position":1,"name":"Mobiln\u00ed d\u016fm","item":"https:\/\/www.granitec.cz\/mobilni-dum\/#breadcrumbitem"}]}]