[{"@context":"https:\/\/schema.org\/","@type":"Article","@id":"https:\/\/www.granitec.cz\/jarni-prace\/#Article","mainEntityOfPage":"https:\/\/www.granitec.cz\/jarni-prace\/","headline":"Jarn\u00ed pr\u00e1ce","name":"Jarn\u00ed pr\u00e1ce","description":"Ano, je to tak, \u00fanor se pomalu ale jist\u011b ch\u00fdl\u00ed ke konci a je nejvy\u0161\u0161\u00ed \u010das napl\u00e1novat si pr\u00e1ce. Pokud...","datePublished":"2020-02-01","dateModified":"2023-05-05","author":{"@type":"Person","@id":"https:\/\/www.granitec.cz\/author\/#Person","name":"","url":"https:\/\/www.granitec.cz\/author\/","identifier":1,"image":{"@type":"ImageObject","@id":"https:\/\/secure.gravatar.com\/avatar\/1fa5b1cbc0125795815d9e30ef12b8bb9be5d358eed11aa2085a8d203d3da2ed?s=96&d=mm&r=g","url":"https:\/\/secure.gravatar.com\/avatar\/1fa5b1cbc0125795815d9e30ef12b8bb9be5d358eed11aa2085a8d203d3da2ed?s=96&d=mm&r=g","height":96,"width":96}},"publisher":{"@type":"Organization","name":"granitec.cz","logo":{"@type":"ImageObject","@id":"\/logo.png","url":"\/logo.png","width":600,"height":60}},"image":{"@type":"ImageObject","@id":"https:\/\/www.granitec.cz\/wp-content\/uploads\/img_a370990_w2522_t1582622984.jpg","url":"https:\/\/www.granitec.cz\/wp-content\/uploads\/img_a370990_w2522_t1582622984.jpg","height":0,"width":0},"url":"https:\/\/www.granitec.cz\/jarni-prace\/","about":["D\u016fm a zahrada"],"wordCount":528,"articleBody":"Ano, je to tak, \u00fanor se pomalu ale jist\u011b ch\u00fdl\u00ed ke konci a je nejvy\u0161\u0161\u00ed \u010das napl\u00e1novat si pr\u00e1ce. Pokud vlastn\u00edte zahr\u00e1dku, sklen\u00edk, mus\u00edte se mnou souhlasit. Ka\u017ed\u00fd t\u00fdden skluzu je zn\u00e1t. Mo\u017en\u00e1 si ostatn\u00ed klepou na \u010delo, ale zku\u0161en\u00ed zahr\u00e1dk\u00e1\u0159i v\u00ed, o \u010dem mluv\u00edm.\tNa co tedy nesm\u00edte zapomenout?\t&middot;&nbsp;&nbsp;&nbsp;&nbsp;&nbsp;&nbsp;&nbsp;&nbsp; Za\u010dn\u011bte sklen\u00edkem. Pokud jste si dali pr\u00e1ci na podzim, m\u00e1te vyhr\u00e1no. Ide\u00e1ln\u011b jste m\u011bli vym\u011bnit hl\u00ednu a sehnat si ko\u0148sk\u00fd hn\u016fj, kter\u00fd zeminu dob\u0159e vy\u017eiv\u00ed. Nic ale nen\u00ed ztraceno. Vy\u010dist\u011bte a zryjte zeminu. Vykli\u010fte v\u0161e nepot\u0159ebn\u00e9, co jste tam p\u0159ed zimou schovali. Pokud jste tam m\u011bli zazimovan\u00e9 rostliny, zkontrolujte jejich stav, zda p\u0159e\u017eily. Projd\u011bte i technick\u00fd stav sklen\u00edku, zda nen\u00ed zapot\u0159eb\u00ed oprav.\t\t&middot;&nbsp;&nbsp;&nbsp;&nbsp;&nbsp;&nbsp;&nbsp;&nbsp; Jste-li zvykl\u00fd sami si obstarat sadbu, je nejvy\u0161\u0161\u00ed \u010das ji zas\u00edt. Ne\u017e vyp\u011bstuje sazenice raj\u010dat, paprik, chv\u00edli to trv\u00e1. Samoz\u0159ejm\u011b, \u017ee je mo\u017en\u00e9 u\u017e koupit si rostlinky p\u0159edp\u011bstovan\u00e9 v&nbsp;zahradnictv\u00edch. Prvn\u00ed, co se vys\u00e9v\u00e1, jsou sazenice sal\u00e1tu, kter\u00e9 u\u017e v&nbsp;b\u0159eznu je mo\u017en\u00e9 vysadit do sklen\u00edku. P\u0159ipravte si i brambory, kter\u00e9 budou ur\u010deny k&nbsp;sadb\u011b. P\u0159i slune\u010dn\u00fdch dnech se m\u016f\u017eete v\u011bnovat u\u017e pr\u00e1ci na zahrad\u011b a v\u0161e si nachystat. Pokud jste \u0161et\u0159iv\u00ed a z\u00e1rove\u0148 leno\u0161i, m\u016f\u017eete zakoupit sazenice na u\u010dili\u0161t\u00edch, kter\u00e9 maj\u00ed obor zahradn\u00edk. Se\u017eenete zde v\u0161e pot\u0159ebn\u00e9 za bezkonkuren\u010dn\u00ed ceny.\t&middot;&nbsp;&nbsp;&nbsp;&nbsp;&nbsp;&nbsp;&nbsp;&nbsp; Nezapome\u0148te ani na jarn\u00ed v\u00fdzdobu. Pokli\u010fte zimn\u00ed kv\u011btin\u00e1\u010de, kter\u00e9 kr\u00e1\u0161lily va\u0161i zahradu a parapety a ut\u0159ete je. V&nbsp;kv\u011btin\u00e1\u0159stv\u00edch u\u017e jsou v&nbsp;nab\u00eddce primule, hyacinty, kter\u00e9 ohla\u0161uj\u00ed jaro. Jsou n\u00e1dhern\u011b barevn\u011b vyveden\u00e9 a rozz\u00e1\u0159\u00ed v\u00e1\u0161 d\u016fm. Nezapome\u0148te ale na to, \u017ee hyacint m\u00e1 velmi pronikavou v\u016fni a p\u0159\u00edli\u0161 se nehod\u00ed k&nbsp;dekoraci uzav\u0159en\u00fdch prostor\u016f. Venku mu bude l\u00e9pe. M\u011bli jste obalen\u00e9 stromky proti omrznut\u00ed, m\u016f\u017eete je pomalu vysvl\u00e9knout.\t&middot;&nbsp;&nbsp;&nbsp;&nbsp;&nbsp;&nbsp;&nbsp;&nbsp; Zapojte ruce v\u0161ech \u010dlen\u016f dom\u00e1cnosti. D\u011bti mohou uhrabat tr\u00e1vn\u00edk a pomoci v\u00e1m s&nbsp;\u00faklidem. Samy si mohou p\u011bstovat sazenice a m\u00edt tak na starost vlastn\u00ed sklize\u0148. U\u010dte je p\u0159i tom.\t&middot;&nbsp;&nbsp;&nbsp;&nbsp;&nbsp;&nbsp;&nbsp;&nbsp; Ud\u011blejte si z\u00e1soby vody. M\u00e1te-li n\u00e1dr\u017ee na vodu, je na \u010dase zkontrolovat je. Spot\u0159eba vody stoup\u00e1 a s&nbsp;n\u00ed i \u010d\u00e1stka na slo\u017eence. Jarn\u00ed de\u0161t\u011b v\u00e1m mohou uleh\u010dit. Na zal\u00e9v\u00e1n\u00ed je vhodn\u00e1 de\u0161\u0165ovka. Man\u017eel se m\u016f\u017ee zapojit a p\u0159ilo\u017eit ruku k&nbsp;d\u00edlu.                                                                                                                                                                                                                                                                                                                                                                                        4.1\/5 - (12 votes)        "},{"@context":"https:\/\/schema.org\/","@type":"BreadcrumbList","itemListElement":[{"@type":"ListItem","position":1,"name":"Jarn\u00ed pr\u00e1ce","item":"https:\/\/www.granitec.cz\/jarni-prace\/#breadcrumbitem"}]}]