[{"@context":"https:\/\/schema.org\/","@type":"Article","@id":"https:\/\/www.granitec.cz\/jak-pouzit-sklo-v-interieru\/#Article","mainEntityOfPage":"https:\/\/www.granitec.cz\/jak-pouzit-sklo-v-interieru\/","headline":"Jak pou\u017e\u00edt sklo v interi\u00e9ru","name":"Jak pou\u017e\u00edt sklo v interi\u00e9ru","description":"Ne ka\u017ed\u00fd prostor k ob\u00fdv\u00e1n\u00ed je ide\u00e1ln\u00ed. \u010casto je moc mal\u00fd, nebo nep\u0159\u00edzniv\u011b \u010dlen\u011bn\u00fd, tmav\u00fd nebo naopak, je prostor nevhodn\u011b...","datePublished":"2018-03-24","dateModified":"2023-05-05","author":{"@type":"Person","@id":"https:\/\/www.granitec.cz\/author\/#Person","name":"","url":"https:\/\/www.granitec.cz\/author\/","identifier":1,"image":{"@type":"ImageObject","@id":"https:\/\/secure.gravatar.com\/avatar\/1fa5b1cbc0125795815d9e30ef12b8bb9be5d358eed11aa2085a8d203d3da2ed?s=96&d=mm&r=g","url":"https:\/\/secure.gravatar.com\/avatar\/1fa5b1cbc0125795815d9e30ef12b8bb9be5d358eed11aa2085a8d203d3da2ed?s=96&d=mm&r=g","height":96,"width":96}},"publisher":{"@type":"Organization","name":"granitec.cz","logo":{"@type":"ImageObject","@id":"\/logo.png","url":"\/logo.png","width":600,"height":60}},"image":{"@type":"ImageObject","@id":"https:\/\/www.granitec.cz\/wp-content\/uploads\/img_a316233_w2522_t1527151612.jpg","url":"https:\/\/www.granitec.cz\/wp-content\/uploads\/img_a316233_w2522_t1527151612.jpg","height":0,"width":0},"url":"https:\/\/www.granitec.cz\/jak-pouzit-sklo-v-interieru\/","about":["Finance"],"wordCount":419,"articleBody":"Ne ka\u017ed\u00fd prostor k ob\u00fdv\u00e1n\u00ed je ide\u00e1ln\u00ed. \u010casto je moc mal\u00fd, nebo nep\u0159\u00edzniv\u011b \u010dlen\u011bn\u00fd, tmav\u00fd nebo naopak, je prostor nevhodn\u011b velk\u00fd. Pak p\u0159ich\u00e1z\u00ed na \u0159adu bytov\u00fd architekt. Dnes jsou prakticky mo\u017en\u00e9 z\u00e1zraky. K disposici jsou netradi\u010dn\u00ed materi\u00e1ly, se kter\u00fdmi m\u016f\u017ee architekt vykouzlit prostory, kter\u00e9 budou nejen praktick\u00e9, ale i esteticky p\u0159\u00edjemn\u00e9. Sklo pat\u0159\u00ed mezi jeden z materi\u00e1l\u016f, se kter\u00fdm lze\u00a0 dos\u00e1hnout neb\u00fdval\u00fdch \u00fa\u010dink\u016f jak optick\u00fdch , tak funk\u010dn\u00edch. \tCo v\u0161echno sklo zvl\u00e1dne\u00a0\u00a0\u00a0\u00a0\u00a0 &#8211;\u00a0\u00a0\u00a0 prosklen\u00fd prostor dok\u00e1\u017ee prostor opticky provzdu\u0161nit zv\u011bt\u0161it. Proto pokud je to mo\u017en\u00e9,\u00a0 vol\u00edme co nejv\u00edce oken nebo prosklen\u00fdch st\u011bn, kudy p\u0159iv\u00e1d\u00edme do prostoru sv\u011btlo a slunce.\u00a0&#8211;\u00a0\u00a0\u00a0\u00a0\u00a0\u00a0\u00a0 sklen\u011bn\u00e9 pracovn\u00ed plochy na kuchy\u0148sk\u00fdch link\u00e1ch nejsou \u017e\u00e1dnou utopi\u00ed. Pou\u017e\u00edv\u00e1 se tvrzen\u00e9 sklo, kter\u00e9 snese i naklep\u00e1v\u00e1n\u00ed masa p\u0159\u00edmo na pracovn\u00ed plo\u0161e. Dob\u0159e se udr\u017euje a zaj\u00edmav\u00e1 je zejm\u00e9na barevn\u00e1 \u0161k\u00e1la, kterou lze pou\u017e\u00edt. Stejn\u011b tak se pou\u017e\u00edv\u00e1 na obklady st\u011bn v kuchyn\u00edch a koupeln\u00e1ch.&#8211;\u00a0\u00a0\u00a0\u00a0\u00a0\u00a0\u00a0 sklen\u011bn\u00e9 schody b\u00fdvaj\u00ed dnes \u010dasto pou\u017e\u00edv\u00e1ny. Vypadaj\u00ed odleh\u010den\u011b, jde o velmi zaj\u00edmav\u00fd prvek v interi\u00e9ru a sob\u0159e se udr\u017euj\u00ed \u010dist\u00e9. Sklo s neutr\u00e1ln\u00ed barvou se hod\u00ed do ka\u017ed\u00e9ho interi\u00e9ru&#8211;\u00a0\u00a0\u00a0\u00a0\u00a0\u00a0\u00a0 sklen\u011bn\u00e9 dve\u010de je pom\u011brn\u011b nov\u00fd prvek. Dve\u0159e b\u00fdvaj\u00ed celosklen\u011bn\u00e9, vypadaj\u00ed vzdu\u0161n\u011b a \u010dasto nejsou v interi\u00e9ru ani vid\u011bt, pokud pou\u017eijeme \u010dir\u00e9 sklo. Chceme-li zchovat pocit soukrom\u00ed, vol\u00edme sklo zabrou\u0161en\u00e9 do ml\u00e9\u010dna.&#8211;\u00a0\u00a0\u00a0\u00a0\u00a0\u00a0\u00a0 sklen\u011bn\u00e9 p\u0159\u00ed\u010dky lze s \u00fasp\u011bchem pou\u017e\u00edt tam, kde chceme zachovat pocit prostoru a vzdu\u0161nosti, pot\u0159ebujeme ale zabr\u00e1nit vniknut\u00ed pach\u016f nebo zvuk\u016f. \u010casto je to odd\u011blen\u00ed kuchy\u0148sk\u00fdch kout\u016f od obytn\u00fdch prostor\u016f.&#8211;\u00a0\u00a0\u00a0\u00a0\u00a0\u00a0\u00a0 dnes u\u017e b\u00fdv\u00e1 samoz\u0159ejmost\u00ed, v koupeln\u00e1ch a sprchov\u00fdch koutech pou\u017e\u00edv\u00e1me sklen\u011bn\u00e9 z\u00e1st\u011bny nebo zatahovac\u00ed sprchov\u00e9 boxy. Zabr\u00e1n\u00edme rozst\u0159ikov\u00e1n\u00ed vody a zabezpe\u010d\u00edme udr\u017een\u00ed tepla kolem sprchovan\u00e9ho t\u011bla.&#8211;\u00a0\u00a0\u00a0\u00a0\u00a0\u00a0\u00a0 sklo p\u016fsob\u00ed velmi luxusn\u011b a nad\u010dasov\u011b. Na\u0161emu interi\u00e9ru dod\u00e1 pot\u0159ebnou eleganci a modernost.&#8211;\u00a0\u00a0\u00a0\u00a0\u00a0\u00a0\u00a0 \u00dadr\u017eby se b\u00e1t nemus\u00edme. Dne\u0161n\u00ed myc\u00ed p\u0159\u00edpravky s nanotechnologi\u00ed umo\u017e\u0148uj\u00ed bez velk\u00e9 n\u00e1mahy udr\u017eovat sklen\u011bn\u00e9 plochy \u010dist\u00e9 a vyle\u0161t\u011bn\u00e9.\u00a0                                                                                                                                                                                                                                                                                                                                                                                        4.6\/5 - (8 votes)        "},{"@context":"https:\/\/schema.org\/","@type":"BreadcrumbList","itemListElement":[{"@type":"ListItem","position":1,"name":"Jak pou\u017e\u00edt sklo v interi\u00e9ru","item":"https:\/\/www.granitec.cz\/jak-pouzit-sklo-v-interieru\/#breadcrumbitem"}]}]